{"id":1175,"date":"2023-07-05T15:36:01","date_gmt":"2023-07-05T18:36:01","guid":{"rendered":"https:\/\/jupi.pe.leg.br\/v3\/?p=1175"},"modified":"2023-07-05T15:36:01","modified_gmt":"2023-07-05T18:36:01","slug":"requerimento-065-2023","status":"publish","type":"post","link":"https:\/\/jupi.pe.leg.br\/v3\/requerimento-065-2023\/","title":{"rendered":"Requerimento 065\/2023"},"content":{"rendered":"<p>Requeiro ao Exm\u00ba. Prefeito deste munic\u00edpio, Senhor Ant\u00f4nio Marcos Patriota, por interm\u00e9dio de Secretaria Municipal de Infraestrutura e Servi\u00e7os Urbanos, a constru\u00e7\u00e3o de cal\u00e7amento ou pavimenta\u00e7\u00e3o asf\u00e1ltica, na Rua Luzia Gomes da Silva, desta cidade.<\/p>\n","protected":false},"excerpt":{"rendered":"<p>Requeiro ao Exm\u00ba. Prefeito deste munic\u00edpio, Senhor Ant\u00f4nio Marcos Patriota, por interm\u00e9dio de Secretaria Municipal de Infraestrutura e Servi\u00e7os Urbanos, a constru\u00e7\u00e3o de cal\u00e7amento ou pavimenta\u00e7\u00e3o asf\u00e1ltica, na Rua Luzia Gomes da Silva, desta cidade.<\/p>\n","protected":false},"author":2,"featured_media":0,"comment_status":"open","ping_status":"open","sticky":false,"template":"","format":"standard","meta":{"_acf_changed":false,"footnotes":""},"categories":[19,5],"tags":[],"class_list":["post-1175","post","type-post","status-publish","format-standard","hentry","category-ver_joselma","category-vereadores","active"],"acf":[],"_links":{"self":[{"href":"https:\/\/jupi.pe.leg.br\/v3\/wp-json\/wp\/v2\/posts\/1175","targetHints":{"allow":["GET"]}}],"collection":[{"href":"https:\/\/jupi.pe.leg.br\/v3\/wp-json\/wp\/v2\/posts"}],"about":[{"href":"https:\/\/jupi.pe.leg.br\/v3\/wp-json\/wp\/v2\/types\/post"}],"author":[{"embeddable":true,"href":"https:\/\/jupi.pe.leg.br\/v3\/wp-json\/wp\/v2\/users\/2"}],"replies":[{"embeddable":true,"href":"https:\/\/jupi.pe.leg.br\/v3\/wp-json\/wp\/v2\/comments?post=1175"}],"version-history":[{"count":0,"href":"https:\/\/jupi.pe.leg.br\/v3\/wp-json\/wp\/v2\/posts\/1175\/revisions"}],"wp:attachment":[{"href":"https:\/\/jupi.pe.leg.br\/v3\/wp-json\/wp\/v2\/media?parent=1175"}],"wp:term":[{"taxonomy":"category","embeddable":true,"href":"https:\/\/jupi.pe.leg.br\/v3\/wp-json\/wp\/v2\/categories?post=1175"},{"taxonomy":"post_tag","embeddable":true,"href":"https:\/\/jupi.pe.leg.br\/v3\/wp-json\/wp\/v2\/tags?post=1175"}],"curies":[{"name":"wp","href":"https:\/\/api.w.org\/{rel}","templated":true}]}}