{"id":1172,"date":"2023-07-05T15:34:32","date_gmt":"2023-07-05T18:34:32","guid":{"rendered":"https:\/\/jupi.pe.leg.br\/v3\/?p=1172"},"modified":"2023-07-05T15:34:32","modified_gmt":"2023-07-05T18:34:32","slug":"requerimento-043-2023","status":"publish","type":"post","link":"https:\/\/jupi.pe.leg.br\/v3\/requerimento-043-2023\/","title":{"rendered":"Requerimento 043\/2023"},"content":{"rendered":"<p>Requeiro ao Exm\u00ba. Prefeito deste munic\u00edpio, Senhor Ant\u00f4nio Marcos Patriota, por interm\u00e9dio de Secretaria Municipal de Infraestrutura e Servi\u00e7os Urbanos, veemente apelo, no intuito de que seja implantado tach\u00e3o refletivo para redu\u00e7\u00e3o de velocidade (tartaruga de sinaliza\u00e7\u00e3o), na Avenida Tancredo Neves, nas imedia\u00e7\u00f5es do Mercado P\u00fablico Municipal Natanael Belo Borges, desta cidade.<\/p>\n","protected":false},"excerpt":{"rendered":"<p>Requeiro ao Exm\u00ba. Prefeito deste munic\u00edpio, Senhor Ant\u00f4nio Marcos Patriota, por interm\u00e9dio de Secretaria Municipal de Infraestrutura e Servi\u00e7os Urbanos, veemente apelo, no intuito de que seja implantado tach\u00e3o refletivo para redu\u00e7\u00e3o de velocidade (tartaruga de sinaliza\u00e7\u00e3o), na Avenida Tancredo <a class=\"leiamais\" href=\"https:\/\/jupi.pe.leg.br\/v3\/requerimento-043-2023\/\">VER MAIS <i class=\"fa-solid fa-chevron-right\"><\/i><\/a><\/p>\n","protected":false},"author":2,"featured_media":0,"comment_status":"open","ping_status":"open","sticky":false,"template":"","format":"standard","meta":{"_acf_changed":false,"footnotes":""},"categories":[19,5],"tags":[],"class_list":["post-1172","post","type-post","status-publish","format-standard","hentry","category-ver_joselma","category-vereadores","active"],"acf":[],"_links":{"self":[{"href":"https:\/\/jupi.pe.leg.br\/v3\/wp-json\/wp\/v2\/posts\/1172","targetHints":{"allow":["GET"]}}],"collection":[{"href":"https:\/\/jupi.pe.leg.br\/v3\/wp-json\/wp\/v2\/posts"}],"about":[{"href":"https:\/\/jupi.pe.leg.br\/v3\/wp-json\/wp\/v2\/types\/post"}],"author":[{"embeddable":true,"href":"https:\/\/jupi.pe.leg.br\/v3\/wp-json\/wp\/v2\/users\/2"}],"replies":[{"embeddable":true,"href":"https:\/\/jupi.pe.leg.br\/v3\/wp-json\/wp\/v2\/comments?post=1172"}],"version-history":[{"count":0,"href":"https:\/\/jupi.pe.leg.br\/v3\/wp-json\/wp\/v2\/posts\/1172\/revisions"}],"wp:attachment":[{"href":"https:\/\/jupi.pe.leg.br\/v3\/wp-json\/wp\/v2\/media?parent=1172"}],"wp:term":[{"taxonomy":"category","embeddable":true,"href":"https:\/\/jupi.pe.leg.br\/v3\/wp-json\/wp\/v2\/categories?post=1172"},{"taxonomy":"post_tag","embeddable":true,"href":"https:\/\/jupi.pe.leg.br\/v3\/wp-json\/wp\/v2\/tags?post=1172"}],"curies":[{"name":"wp","href":"https:\/\/api.w.org\/{rel}","templated":true}]}}