{"id":1166,"date":"2023-07-05T15:29:51","date_gmt":"2023-07-05T18:29:51","guid":{"rendered":"https:\/\/jupi.pe.leg.br\/v3\/?p=1166"},"modified":"2023-07-05T15:29:51","modified_gmt":"2023-07-05T18:29:51","slug":"requerimento-098-2023","status":"publish","type":"post","link":"https:\/\/jupi.pe.leg.br\/v3\/requerimento-098-2023\/","title":{"rendered":"Requerimento 098\/2023"},"content":{"rendered":"<p>Requeiro ao Prefeito deste munic\u00edpio Sr. Ant\u00f4nio Marcos Patriota, por interm\u00e9dio da Secretaria Municipal de Educa\u00e7\u00e3o, Cultura, Esportes, Turismo e Lazer, veemente apelo, no sentido de que a Escola de M\u00fasica Espa\u00e7o Vivo, seja transformada em Escola de Artes Livres, disponibilizando aulas de M\u00fasica, Teatro, Dan\u00e7a, Ritmos, Circo, Pintura e Artesanato.<\/p>\n","protected":false},"excerpt":{"rendered":"<p>Requeiro ao Prefeito deste munic\u00edpio Sr. Ant\u00f4nio Marcos Patriota, por interm\u00e9dio da Secretaria Municipal de Educa\u00e7\u00e3o, Cultura, Esportes, Turismo e Lazer, veemente apelo, no sentido de que a Escola de M\u00fasica Espa\u00e7o Vivo, seja transformada em Escola de Artes Livres, <a class=\"leiamais\" href=\"https:\/\/jupi.pe.leg.br\/v3\/requerimento-098-2023\/\">VER MAIS <i class=\"fa-solid fa-chevron-right\"><\/i><\/a><\/p>\n","protected":false},"author":2,"featured_media":0,"comment_status":"open","ping_status":"open","sticky":false,"template":"","format":"standard","meta":{"_acf_changed":false,"footnotes":""},"categories":[12,5],"tags":[],"class_list":["post-1166","post","type-post","status-publish","format-standard","hentry","category-ver_ledson","category-vereadores","active"],"acf":[],"_links":{"self":[{"href":"https:\/\/jupi.pe.leg.br\/v3\/wp-json\/wp\/v2\/posts\/1166","targetHints":{"allow":["GET"]}}],"collection":[{"href":"https:\/\/jupi.pe.leg.br\/v3\/wp-json\/wp\/v2\/posts"}],"about":[{"href":"https:\/\/jupi.pe.leg.br\/v3\/wp-json\/wp\/v2\/types\/post"}],"author":[{"embeddable":true,"href":"https:\/\/jupi.pe.leg.br\/v3\/wp-json\/wp\/v2\/users\/2"}],"replies":[{"embeddable":true,"href":"https:\/\/jupi.pe.leg.br\/v3\/wp-json\/wp\/v2\/comments?post=1166"}],"version-history":[{"count":0,"href":"https:\/\/jupi.pe.leg.br\/v3\/wp-json\/wp\/v2\/posts\/1166\/revisions"}],"wp:attachment":[{"href":"https:\/\/jupi.pe.leg.br\/v3\/wp-json\/wp\/v2\/media?parent=1166"}],"wp:term":[{"taxonomy":"category","embeddable":true,"href":"https:\/\/jupi.pe.leg.br\/v3\/wp-json\/wp\/v2\/categories?post=1166"},{"taxonomy":"post_tag","embeddable":true,"href":"https:\/\/jupi.pe.leg.br\/v3\/wp-json\/wp\/v2\/tags?post=1166"}],"curies":[{"name":"wp","href":"https:\/\/api.w.org\/{rel}","templated":true}]}}