{"id":1163,"date":"2023-07-05T15:28:38","date_gmt":"2023-07-05T18:28:38","guid":{"rendered":"https:\/\/jupi.pe.leg.br\/v3\/?p=1163"},"modified":"2023-07-05T15:28:38","modified_gmt":"2023-07-05T18:28:38","slug":"requerimento-085-2023","status":"publish","type":"post","link":"https:\/\/jupi.pe.leg.br\/v3\/requerimento-085-2023\/","title":{"rendered":"Requerimento 085\/2023"},"content":{"rendered":"<p>Requeiro ao Prefeito deste municipio Sr. Ant\u00f4nio Marcos Patriota, por interm\u00e9dio da Secretaria Municipal de Infraestrutura e Servi\u00e7os Urbanos, veemente apelo no sentido de realizar a constru\u00e7\u00e3o e instala\u00e7\u00e3o de um monumento de Nossa Senhora do Ros\u00e1rio, no pico da serra, localizada na propriedade dos familiares do Sr. Adalberto Teixeira Lima (ln Memorian), tornando um local de visita\u00e7\u00e3o para os devotos e, consequentemente, um atrativo de turismo religioso para o municipio de Jupi.<\/p>\n","protected":false},"excerpt":{"rendered":"<p>Requeiro ao Prefeito deste municipio Sr. Ant\u00f4nio Marcos Patriota, por interm\u00e9dio da Secretaria Municipal de Infraestrutura e Servi\u00e7os Urbanos, veemente apelo no sentido de realizar a constru\u00e7\u00e3o e instala\u00e7\u00e3o de um monumento de Nossa Senhora do Ros\u00e1rio, no pico da <a class=\"leiamais\" href=\"https:\/\/jupi.pe.leg.br\/v3\/requerimento-085-2023\/\">VER MAIS <i class=\"fa-solid fa-chevron-right\"><\/i><\/a><\/p>\n","protected":false},"author":2,"featured_media":0,"comment_status":"open","ping_status":"open","sticky":false,"template":"","format":"standard","meta":{"_acf_changed":false,"footnotes":""},"categories":[12,5],"tags":[],"class_list":["post-1163","post","type-post","status-publish","format-standard","hentry","category-ver_ledson","category-vereadores","active"],"acf":[],"_links":{"self":[{"href":"https:\/\/jupi.pe.leg.br\/v3\/wp-json\/wp\/v2\/posts\/1163","targetHints":{"allow":["GET"]}}],"collection":[{"href":"https:\/\/jupi.pe.leg.br\/v3\/wp-json\/wp\/v2\/posts"}],"about":[{"href":"https:\/\/jupi.pe.leg.br\/v3\/wp-json\/wp\/v2\/types\/post"}],"author":[{"embeddable":true,"href":"https:\/\/jupi.pe.leg.br\/v3\/wp-json\/wp\/v2\/users\/2"}],"replies":[{"embeddable":true,"href":"https:\/\/jupi.pe.leg.br\/v3\/wp-json\/wp\/v2\/comments?post=1163"}],"version-history":[{"count":0,"href":"https:\/\/jupi.pe.leg.br\/v3\/wp-json\/wp\/v2\/posts\/1163\/revisions"}],"wp:attachment":[{"href":"https:\/\/jupi.pe.leg.br\/v3\/wp-json\/wp\/v2\/media?parent=1163"}],"wp:term":[{"taxonomy":"category","embeddable":true,"href":"https:\/\/jupi.pe.leg.br\/v3\/wp-json\/wp\/v2\/categories?post=1163"},{"taxonomy":"post_tag","embeddable":true,"href":"https:\/\/jupi.pe.leg.br\/v3\/wp-json\/wp\/v2\/tags?post=1163"}],"curies":[{"name":"wp","href":"https:\/\/api.w.org\/{rel}","templated":true}]}}