{"id":1144,"date":"2023-07-05T15:18:39","date_gmt":"2023-07-05T18:18:39","guid":{"rendered":"https:\/\/jupi.pe.leg.br\/v3\/?p=1144"},"modified":"2023-07-05T15:18:39","modified_gmt":"2023-07-05T18:18:39","slug":"requerimento-092-2023","status":"publish","type":"post","link":"https:\/\/jupi.pe.leg.br\/v3\/requerimento-092-2023\/","title":{"rendered":"Requerimento 092\/2023"},"content":{"rendered":"<p>Requeiro ao Exm\u00ba. Prefeito, Sr. Ant\u00f4nio Marcos Patriota, por interm\u00e9dio da Secretaria Municipal de Sa\u00fade, no sentido de seja realizada na Unidade B\u00e1sica de Sa\u00fade, UBS Ot\u00e1vio Vieira de Oliveira, localizada no S\u00edtio Catonho, deste munic\u00edpio, os seguintes pleitos: &#8211; Reforma;<br \/>\n&#8211; Amplia\u00e7\u00e3o;<br \/>\n&#8211; Aquisi\u00e7\u00e3o de novos equipamentos hospitalares.Do presente pleito, que seja dado ci\u00eancia ao Secret\u00e1rio Municipal de Sa\u00fade, Sr. Elias Fl\u00e1vio Quintino de Ara\u00fajo.<\/p>\n","protected":false},"excerpt":{"rendered":"<p>Requeiro ao Exm\u00ba. Prefeito, Sr. Ant\u00f4nio Marcos Patriota, por interm\u00e9dio da Secretaria Municipal de Sa\u00fade, no sentido de seja realizada na Unidade B\u00e1sica de Sa\u00fade, UBS Ot\u00e1vio Vieira de Oliveira, localizada no S\u00edtio Catonho, deste munic\u00edpio, os seguintes pleitos: &#8211; <a class=\"leiamais\" href=\"https:\/\/jupi.pe.leg.br\/v3\/requerimento-092-2023\/\">VER MAIS <i class=\"fa-solid fa-chevron-right\"><\/i><\/a><\/p>\n","protected":false},"author":2,"featured_media":0,"comment_status":"open","ping_status":"open","sticky":false,"template":"","format":"standard","meta":{"_acf_changed":false,"footnotes":""},"categories":[14,5],"tags":[],"class_list":["post-1144","post","type-post","status-publish","format-standard","hentry","category-ver_paulocesar","category-vereadores","active"],"acf":[],"_links":{"self":[{"href":"https:\/\/jupi.pe.leg.br\/v3\/wp-json\/wp\/v2\/posts\/1144","targetHints":{"allow":["GET"]}}],"collection":[{"href":"https:\/\/jupi.pe.leg.br\/v3\/wp-json\/wp\/v2\/posts"}],"about":[{"href":"https:\/\/jupi.pe.leg.br\/v3\/wp-json\/wp\/v2\/types\/post"}],"author":[{"embeddable":true,"href":"https:\/\/jupi.pe.leg.br\/v3\/wp-json\/wp\/v2\/users\/2"}],"replies":[{"embeddable":true,"href":"https:\/\/jupi.pe.leg.br\/v3\/wp-json\/wp\/v2\/comments?post=1144"}],"version-history":[{"count":0,"href":"https:\/\/jupi.pe.leg.br\/v3\/wp-json\/wp\/v2\/posts\/1144\/revisions"}],"wp:attachment":[{"href":"https:\/\/jupi.pe.leg.br\/v3\/wp-json\/wp\/v2\/media?parent=1144"}],"wp:term":[{"taxonomy":"category","embeddable":true,"href":"https:\/\/jupi.pe.leg.br\/v3\/wp-json\/wp\/v2\/categories?post=1144"},{"taxonomy":"post_tag","embeddable":true,"href":"https:\/\/jupi.pe.leg.br\/v3\/wp-json\/wp\/v2\/tags?post=1144"}],"curies":[{"name":"wp","href":"https:\/\/api.w.org\/{rel}","templated":true}]}}