{"id":1127,"date":"2023-07-05T15:08:40","date_gmt":"2023-07-05T18:08:40","guid":{"rendered":"https:\/\/jupi.pe.leg.br\/v3\/?p=1127"},"modified":"2023-07-05T15:08:40","modified_gmt":"2023-07-05T18:08:40","slug":"requerimento-064-2023","status":"publish","type":"post","link":"https:\/\/jupi.pe.leg.br\/v3\/requerimento-064-2023\/","title":{"rendered":"Requerimento 064\/2023"},"content":{"rendered":"<p>Requeiro ao Exm\u00ba. Prefeito deste munic\u00edpio, senhor Ant\u00f4nio Marcos Patriota, por interm\u00e9dio da Secretaria Municipal de Assist\u00eancia Social, veemente apelo, no intuito de que sejam realizados os pleitos para o SCFV &#8211; Servi\u00e7o de Conviv\u00eancia e Fortalecimento de V\u00ednculo, deste munic\u00edpio, conforme abaixo relacionados:<br \/>\n&#8211; Aquisi\u00e7\u00e3o de Fardamento;<br \/>\n-Aquisi\u00e7\u00e3o de materiais: Pedag\u00f3gico, expediente, recrea\u00e7\u00e3o, higiene pessoal e para pr\u00e1ticas culturais e esportivas.<\/p>\n","protected":false},"excerpt":{"rendered":"<p>Requeiro ao Exm\u00ba. Prefeito deste munic\u00edpio, senhor Ant\u00f4nio Marcos Patriota, por interm\u00e9dio da Secretaria Municipal de Assist\u00eancia Social, veemente apelo, no intuito de que sejam realizados os pleitos para o SCFV &#8211; Servi\u00e7o de Conviv\u00eancia e Fortalecimento de V\u00ednculo, deste <a class=\"leiamais\" href=\"https:\/\/jupi.pe.leg.br\/v3\/requerimento-064-2023\/\">VER MAIS <i class=\"fa-solid fa-chevron-right\"><\/i><\/a><\/p>\n","protected":false},"author":2,"featured_media":0,"comment_status":"open","ping_status":"open","sticky":false,"template":"","format":"standard","meta":{"_acf_changed":false,"footnotes":""},"categories":[28,5],"tags":[],"class_list":["post-1127","post","type-post","status-publish","format-standard","hentry","category-rezilda","category-vereadores","active"],"acf":[],"_links":{"self":[{"href":"https:\/\/jupi.pe.leg.br\/v3\/wp-json\/wp\/v2\/posts\/1127","targetHints":{"allow":["GET"]}}],"collection":[{"href":"https:\/\/jupi.pe.leg.br\/v3\/wp-json\/wp\/v2\/posts"}],"about":[{"href":"https:\/\/jupi.pe.leg.br\/v3\/wp-json\/wp\/v2\/types\/post"}],"author":[{"embeddable":true,"href":"https:\/\/jupi.pe.leg.br\/v3\/wp-json\/wp\/v2\/users\/2"}],"replies":[{"embeddable":true,"href":"https:\/\/jupi.pe.leg.br\/v3\/wp-json\/wp\/v2\/comments?post=1127"}],"version-history":[{"count":0,"href":"https:\/\/jupi.pe.leg.br\/v3\/wp-json\/wp\/v2\/posts\/1127\/revisions"}],"wp:attachment":[{"href":"https:\/\/jupi.pe.leg.br\/v3\/wp-json\/wp\/v2\/media?parent=1127"}],"wp:term":[{"taxonomy":"category","embeddable":true,"href":"https:\/\/jupi.pe.leg.br\/v3\/wp-json\/wp\/v2\/categories?post=1127"},{"taxonomy":"post_tag","embeddable":true,"href":"https:\/\/jupi.pe.leg.br\/v3\/wp-json\/wp\/v2\/tags?post=1127"}],"curies":[{"name":"wp","href":"https:\/\/api.w.org\/{rel}","templated":true}]}}