{"id":1115,"date":"2023-07-05T15:02:56","date_gmt":"2023-07-05T18:02:56","guid":{"rendered":"https:\/\/jupi.pe.leg.br\/v3\/?p=1115"},"modified":"2023-07-05T15:02:56","modified_gmt":"2023-07-05T18:02:56","slug":"requerimento-046-2023","status":"publish","type":"post","link":"https:\/\/jupi.pe.leg.br\/v3\/requerimento-046-2023\/","title":{"rendered":"Requerimento 046\/2023"},"content":{"rendered":"<p>Requeiro a llm\u00aa. Secret\u00e1ria Municipal de Educa\u00e7\u00e3o, Cultura, Esporte, Turismo e Lazer, Sra. Josefa Lucidalva Patriota de Oliveira, veemente apelo, no intuito de que seja implantado na Pra\u00e7a Nossa Senhora do Ros\u00e1rio, um arraial junino, para realiza\u00e7\u00e3o das festividades juninas, bem como, apresenta\u00e7\u00f5es das diversas quadrilhas juninas das escolas do nosso munic\u00edpio.<\/p>\n","protected":false},"excerpt":{"rendered":"<p>Requeiro a llm\u00aa. Secret\u00e1ria Municipal de Educa\u00e7\u00e3o, Cultura, Esporte, Turismo e Lazer, Sra. Josefa Lucidalva Patriota de Oliveira, veemente apelo, no intuito de que seja implantado na Pra\u00e7a Nossa Senhora do Ros\u00e1rio, um arraial junino, para realiza\u00e7\u00e3o das festividades juninas, <a class=\"leiamais\" href=\"https:\/\/jupi.pe.leg.br\/v3\/requerimento-046-2023\/\">VER MAIS <i class=\"fa-solid fa-chevron-right\"><\/i><\/a><\/p>\n","protected":false},"author":2,"featured_media":0,"comment_status":"open","ping_status":"open","sticky":false,"template":"","format":"standard","meta":{"_acf_changed":false,"footnotes":""},"categories":[28,5],"tags":[],"class_list":["post-1115","post","type-post","status-publish","format-standard","hentry","category-rezilda","category-vereadores","active"],"acf":[],"_links":{"self":[{"href":"https:\/\/jupi.pe.leg.br\/v3\/wp-json\/wp\/v2\/posts\/1115","targetHints":{"allow":["GET"]}}],"collection":[{"href":"https:\/\/jupi.pe.leg.br\/v3\/wp-json\/wp\/v2\/posts"}],"about":[{"href":"https:\/\/jupi.pe.leg.br\/v3\/wp-json\/wp\/v2\/types\/post"}],"author":[{"embeddable":true,"href":"https:\/\/jupi.pe.leg.br\/v3\/wp-json\/wp\/v2\/users\/2"}],"replies":[{"embeddable":true,"href":"https:\/\/jupi.pe.leg.br\/v3\/wp-json\/wp\/v2\/comments?post=1115"}],"version-history":[{"count":0,"href":"https:\/\/jupi.pe.leg.br\/v3\/wp-json\/wp\/v2\/posts\/1115\/revisions"}],"wp:attachment":[{"href":"https:\/\/jupi.pe.leg.br\/v3\/wp-json\/wp\/v2\/media?parent=1115"}],"wp:term":[{"taxonomy":"category","embeddable":true,"href":"https:\/\/jupi.pe.leg.br\/v3\/wp-json\/wp\/v2\/categories?post=1115"},{"taxonomy":"post_tag","embeddable":true,"href":"https:\/\/jupi.pe.leg.br\/v3\/wp-json\/wp\/v2\/tags?post=1115"}],"curies":[{"name":"wp","href":"https:\/\/api.w.org\/{rel}","templated":true}]}}