{"id":1073,"date":"2023-07-04T19:27:22","date_gmt":"2023-07-04T22:27:22","guid":{"rendered":"https:\/\/jupi.pe.leg.br\/v3\/?p=1073"},"modified":"2023-07-04T19:27:22","modified_gmt":"2023-07-04T22:27:22","slug":"requerimento-100-2022","status":"publish","type":"post","link":"https:\/\/jupi.pe.leg.br\/v3\/requerimento-100-2022\/","title":{"rendered":"Requerimento 100\/2022"},"content":{"rendered":"<p>Requeiro ao Exm\u00ba. Prefeito deste munic\u00edpio, Sr. Ant\u00f4nio Marcos Patriota, por interm\u00e9dio da Secretaria Municipal de Infraestrutura e Servi\u00e7os Urbanos, veemente apelo, no sentido de que sejam realizados os seguintes pleitos no Cemit\u00e9rio S\u00e3o Mateus, desta cidade:<br \/>\n&#8211; Constru\u00e7\u00e3o de um portal;<br \/>\n&#8211; Constru\u00e7\u00e3o da cal\u00e7ada, em frente (Academia das Cidades) e nas laterais (Avenida Napole\u00e3o Teixeira Lima e Rua Luiz In\u00e1cio Filho);<br \/>\n&#8211; Ampliar a altura de toda murada;<br \/>\n&#8211; Ilumina\u00e7\u00e3o em toda extens\u00e3o interna e externa.<\/p>\n","protected":false},"excerpt":{"rendered":"<p>Requeiro ao Exm\u00ba. Prefeito deste munic\u00edpio, Sr. Ant\u00f4nio Marcos Patriota, por interm\u00e9dio da Secretaria Municipal de Infraestrutura e Servi\u00e7os Urbanos, veemente apelo, no sentido de que sejam realizados os seguintes pleitos no Cemit\u00e9rio S\u00e3o Mateus, desta cidade: &#8211; Constru\u00e7\u00e3o de <a class=\"leiamais\" href=\"https:\/\/jupi.pe.leg.br\/v3\/requerimento-100-2022\/\">VER MAIS <i class=\"fa-solid fa-chevron-right\"><\/i><\/a><\/p>\n","protected":false},"author":2,"featured_media":0,"comment_status":"open","ping_status":"open","sticky":false,"template":"","format":"standard","meta":{"_acf_changed":false,"footnotes":""},"categories":[13,5],"tags":[],"class_list":["post-1073","post","type-post","status-publish","format-standard","hentry","category-ver_toinho","category-vereadores","active"],"acf":[],"_links":{"self":[{"href":"https:\/\/jupi.pe.leg.br\/v3\/wp-json\/wp\/v2\/posts\/1073","targetHints":{"allow":["GET"]}}],"collection":[{"href":"https:\/\/jupi.pe.leg.br\/v3\/wp-json\/wp\/v2\/posts"}],"about":[{"href":"https:\/\/jupi.pe.leg.br\/v3\/wp-json\/wp\/v2\/types\/post"}],"author":[{"embeddable":true,"href":"https:\/\/jupi.pe.leg.br\/v3\/wp-json\/wp\/v2\/users\/2"}],"replies":[{"embeddable":true,"href":"https:\/\/jupi.pe.leg.br\/v3\/wp-json\/wp\/v2\/comments?post=1073"}],"version-history":[{"count":0,"href":"https:\/\/jupi.pe.leg.br\/v3\/wp-json\/wp\/v2\/posts\/1073\/revisions"}],"wp:attachment":[{"href":"https:\/\/jupi.pe.leg.br\/v3\/wp-json\/wp\/v2\/media?parent=1073"}],"wp:term":[{"taxonomy":"category","embeddable":true,"href":"https:\/\/jupi.pe.leg.br\/v3\/wp-json\/wp\/v2\/categories?post=1073"},{"taxonomy":"post_tag","embeddable":true,"href":"https:\/\/jupi.pe.leg.br\/v3\/wp-json\/wp\/v2\/tags?post=1073"}],"curies":[{"name":"wp","href":"https:\/\/api.w.org\/{rel}","templated":true}]}}