{"id":1061,"date":"2023-07-04T19:20:30","date_gmt":"2023-07-04T22:20:30","guid":{"rendered":"https:\/\/jupi.pe.leg.br\/v3\/?p=1061"},"modified":"2023-07-04T19:20:30","modified_gmt":"2023-07-04T22:20:30","slug":"requerimento-113-2022","status":"publish","type":"post","link":"https:\/\/jupi.pe.leg.br\/v3\/requerimento-113-2022\/","title":{"rendered":"Requerimento 113\/2022"},"content":{"rendered":"<p>Requeiro a Exm\u00ba Prefeito deste munic\u00edpio, Sr. Ant\u00f4nio Marcos Patriota, em parceria com a Secretaria Municipal de Assist\u00eancia Social, ou pela secretaria que achar conveniente, veemente apelo no sentido de que seja atendida a solicita\u00e7\u00e3o abaixo mencionada:<br \/>\n&#8211; Implanta\u00e7\u00e3o do Curso de Corte e Costura no SCFV. Unidades de Servi\u00e7o de Conviv\u00eancia e Fortalecimento de V\u00ednculos, e\/ou nas Unidades de Ensino deste munic\u00edpio.<br \/>\nJustificativa oral:<\/p>\n","protected":false},"excerpt":{"rendered":"<p>Requeiro a Exm\u00ba Prefeito deste munic\u00edpio, Sr. Ant\u00f4nio Marcos Patriota, em parceria com a Secretaria Municipal de Assist\u00eancia Social, ou pela secretaria que achar conveniente, veemente apelo no sentido de que seja atendida a solicita\u00e7\u00e3o abaixo mencionada: &#8211; Implanta\u00e7\u00e3o do <a class=\"leiamais\" href=\"https:\/\/jupi.pe.leg.br\/v3\/requerimento-113-2022\/\">VER MAIS <i class=\"fa-solid fa-chevron-right\"><\/i><\/a><\/p>\n","protected":false},"author":2,"featured_media":0,"comment_status":"open","ping_status":"open","sticky":false,"template":"","format":"standard","meta":{"_acf_changed":false,"footnotes":""},"categories":[23,5],"tags":[],"class_list":["post-1061","post","type-post","status-publish","format-standard","hentry","category-ver_antoniodacolonia","category-vereadores","active"],"acf":[],"_links":{"self":[{"href":"https:\/\/jupi.pe.leg.br\/v3\/wp-json\/wp\/v2\/posts\/1061","targetHints":{"allow":["GET"]}}],"collection":[{"href":"https:\/\/jupi.pe.leg.br\/v3\/wp-json\/wp\/v2\/posts"}],"about":[{"href":"https:\/\/jupi.pe.leg.br\/v3\/wp-json\/wp\/v2\/types\/post"}],"author":[{"embeddable":true,"href":"https:\/\/jupi.pe.leg.br\/v3\/wp-json\/wp\/v2\/users\/2"}],"replies":[{"embeddable":true,"href":"https:\/\/jupi.pe.leg.br\/v3\/wp-json\/wp\/v2\/comments?post=1061"}],"version-history":[{"count":0,"href":"https:\/\/jupi.pe.leg.br\/v3\/wp-json\/wp\/v2\/posts\/1061\/revisions"}],"wp:attachment":[{"href":"https:\/\/jupi.pe.leg.br\/v3\/wp-json\/wp\/v2\/media?parent=1061"}],"wp:term":[{"taxonomy":"category","embeddable":true,"href":"https:\/\/jupi.pe.leg.br\/v3\/wp-json\/wp\/v2\/categories?post=1061"},{"taxonomy":"post_tag","embeddable":true,"href":"https:\/\/jupi.pe.leg.br\/v3\/wp-json\/wp\/v2\/tags?post=1061"}],"curies":[{"name":"wp","href":"https:\/\/api.w.org\/{rel}","templated":true}]}}