{"id":1045,"date":"2023-07-04T19:07:05","date_gmt":"2023-07-04T22:07:05","guid":{"rendered":"https:\/\/jupi.pe.leg.br\/v3\/?p=1045"},"modified":"2023-07-04T19:07:05","modified_gmt":"2023-07-04T22:07:05","slug":"requerimento-103-2022","status":"publish","type":"post","link":"https:\/\/jupi.pe.leg.br\/v3\/requerimento-103-2022\/","title":{"rendered":"Requerimento 103\/2022"},"content":{"rendered":"<p>Requeiro ao Exm\u00ba. Prefeito desta municipalidade, Senhor Ant\u00f4nio Marcos Patriota, veemente apelo, no intuito de que seja realizada a aquisi\u00e7\u00f5es de suportes de caix\u00e3o para os Cemit\u00e9rios deste munic\u00edpio.<\/p>\n","protected":false},"excerpt":{"rendered":"<p>Requeiro ao Exm\u00ba. Prefeito desta municipalidade, Senhor Ant\u00f4nio Marcos Patriota, veemente apelo, no intuito de que seja realizada a aquisi\u00e7\u00f5es de suportes de caix\u00e3o para os Cemit\u00e9rios deste munic\u00edpio.<\/p>\n","protected":false},"author":2,"featured_media":0,"comment_status":"open","ping_status":"open","sticky":false,"template":"","format":"standard","meta":{"_acf_changed":false,"footnotes":""},"categories":[19,5],"tags":[],"class_list":["post-1045","post","type-post","status-publish","format-standard","hentry","category-ver_joselma","category-vereadores","active"],"acf":[],"_links":{"self":[{"href":"https:\/\/jupi.pe.leg.br\/v3\/wp-json\/wp\/v2\/posts\/1045","targetHints":{"allow":["GET"]}}],"collection":[{"href":"https:\/\/jupi.pe.leg.br\/v3\/wp-json\/wp\/v2\/posts"}],"about":[{"href":"https:\/\/jupi.pe.leg.br\/v3\/wp-json\/wp\/v2\/types\/post"}],"author":[{"embeddable":true,"href":"https:\/\/jupi.pe.leg.br\/v3\/wp-json\/wp\/v2\/users\/2"}],"replies":[{"embeddable":true,"href":"https:\/\/jupi.pe.leg.br\/v3\/wp-json\/wp\/v2\/comments?post=1045"}],"version-history":[{"count":0,"href":"https:\/\/jupi.pe.leg.br\/v3\/wp-json\/wp\/v2\/posts\/1045\/revisions"}],"wp:attachment":[{"href":"https:\/\/jupi.pe.leg.br\/v3\/wp-json\/wp\/v2\/media?parent=1045"}],"wp:term":[{"taxonomy":"category","embeddable":true,"href":"https:\/\/jupi.pe.leg.br\/v3\/wp-json\/wp\/v2\/categories?post=1045"},{"taxonomy":"post_tag","embeddable":true,"href":"https:\/\/jupi.pe.leg.br\/v3\/wp-json\/wp\/v2\/tags?post=1045"}],"curies":[{"name":"wp","href":"https:\/\/api.w.org\/{rel}","templated":true}]}}