{"id":1036,"date":"2023-07-04T18:57:40","date_gmt":"2023-07-04T21:57:40","guid":{"rendered":"https:\/\/jupi.pe.leg.br\/v3\/?p=1036"},"modified":"2023-07-04T18:57:40","modified_gmt":"2023-07-04T21:57:40","slug":"requerimento-096-2022","status":"publish","type":"post","link":"https:\/\/jupi.pe.leg.br\/v3\/requerimento-096-2022\/","title":{"rendered":"Requerimento 096\/2022"},"content":{"rendered":"<p>Requeiro ao Exm\u00ba. Prefeito deste munic\u00edpio, Sr. Ant\u00f4nio Marcos Patriota, por interm\u00e9dio da secretaria municipal de Infraestrutura e Servi\u00e7os Urbanos, veemente apelo, no sentido de seja realizada a instala\u00e7\u00e3o de lumin\u00e1rias em alguns postes localizados na Rua Professora Vera L\u00facia Soares de Carvalho, especificamente nas proximidades da resid\u00eancia do Sr. Lucim\u00e1rio Barros da Silva (Pio).<\/p>\n","protected":false},"excerpt":{"rendered":"<p>Requeiro ao Exm\u00ba. Prefeito deste munic\u00edpio, Sr. Ant\u00f4nio Marcos Patriota, por interm\u00e9dio da secretaria municipal de Infraestrutura e Servi\u00e7os Urbanos, veemente apelo, no sentido de seja realizada a instala\u00e7\u00e3o de lumin\u00e1rias em alguns postes localizados na Rua Professora Vera L\u00facia <a class=\"leiamais\" href=\"https:\/\/jupi.pe.leg.br\/v3\/requerimento-096-2022\/\">VER MAIS <i class=\"fa-solid fa-chevron-right\"><\/i><\/a><\/p>\n","protected":false},"author":2,"featured_media":0,"comment_status":"open","ping_status":"open","sticky":false,"template":"","format":"standard","meta":{"_acf_changed":false,"footnotes":""},"categories":[14,5],"tags":[],"class_list":["post-1036","post","type-post","status-publish","format-standard","hentry","category-ver_paulocesar","category-vereadores","active"],"acf":[],"_links":{"self":[{"href":"https:\/\/jupi.pe.leg.br\/v3\/wp-json\/wp\/v2\/posts\/1036","targetHints":{"allow":["GET"]}}],"collection":[{"href":"https:\/\/jupi.pe.leg.br\/v3\/wp-json\/wp\/v2\/posts"}],"about":[{"href":"https:\/\/jupi.pe.leg.br\/v3\/wp-json\/wp\/v2\/types\/post"}],"author":[{"embeddable":true,"href":"https:\/\/jupi.pe.leg.br\/v3\/wp-json\/wp\/v2\/users\/2"}],"replies":[{"embeddable":true,"href":"https:\/\/jupi.pe.leg.br\/v3\/wp-json\/wp\/v2\/comments?post=1036"}],"version-history":[{"count":0,"href":"https:\/\/jupi.pe.leg.br\/v3\/wp-json\/wp\/v2\/posts\/1036\/revisions"}],"wp:attachment":[{"href":"https:\/\/jupi.pe.leg.br\/v3\/wp-json\/wp\/v2\/media?parent=1036"}],"wp:term":[{"taxonomy":"category","embeddable":true,"href":"https:\/\/jupi.pe.leg.br\/v3\/wp-json\/wp\/v2\/categories?post=1036"},{"taxonomy":"post_tag","embeddable":true,"href":"https:\/\/jupi.pe.leg.br\/v3\/wp-json\/wp\/v2\/tags?post=1036"}],"curies":[{"name":"wp","href":"https:\/\/api.w.org\/{rel}","templated":true}]}}